[{"@context":"https:\/\/schema.org\/","@type":"Article","@id":"https:\/\/www.zotify.cz\/zimni-sezona-bude-brzy-v-plnem-proudu\/#Article","mainEntityOfPage":"https:\/\/www.zotify.cz\/zimni-sezona-bude-brzy-v-plnem-proudu\/","headline":"Zimn\u00ed sez\u00f3na bude brzy v pln\u00e9m proudu","name":"Zimn\u00ed sez\u00f3na bude brzy v pln\u00e9m proudu","description":"Ji\u017e brzy zde bude op\u011bt zima. Pomalu ale jist\u011b bychom se m\u011bli na n\u011bco takov\u00e9ho p\u0159ipravovat, jeliko\u017e n\u00e1m u\u017e.","datePublished":"2022-08-20","dateModified":"2023-06-14","author":{"@type":"Person","@id":"https:\/\/www.zotify.cz\/author\/#Person","name":"","url":"https:\/\/www.zotify.cz\/author\/","identifier":1,"image":{"@type":"ImageObject","@id":"https:\/\/secure.gravatar.com\/avatar\/dcb1aeb5e7d95014cdc92e76cf3c72f6b456579bf773ad0081803a6569ffc19c?s=96&d=mm&r=g","url":"https:\/\/secure.gravatar.com\/avatar\/dcb1aeb5e7d95014cdc92e76cf3c72f6b456579bf773ad0081803a6569ffc19c?s=96&d=mm&r=g","height":96,"width":96}},"publisher":{"@type":"Organization","name":"zotify.cz","logo":{"@type":"ImageObject","@id":"\/logo.png","url":"\/logo.png","width":600,"height":60}},"image":{"@type":"ImageObject","@id":"https:\/\/www.zotify.cz\/wp-content\/uploads\/sn.JPG","url":"https:\/\/www.zotify.cz\/wp-content\/uploads\/sn.JPG","height":0,"width":0},"url":"https:\/\/www.zotify.cz\/zimni-sezona-bude-brzy-v-plnem-proudu\/","about":["Slu\u017eby"],"wordCount":445,"articleBody":"   Ji\u017e brzy zde bude op\u011bt zima. Pomalu ale jist\u011b bychom se m\u011bli na n\u011bco takov\u00e9ho p\u0159ipravovat, jeliko\u017e n\u00e1m u\u017e p\u0159\u00edroda napov\u00edd\u00e1, \u017ee n\u011bco takov\u00e9ho, jako je pr\u00e1v\u011b zima, p\u0159ijde letos velice brzy. Mnoz\u00ed se ob\u00e1vaj\u00ed, \u017ee bude zima krut\u00e1 a bude skute\u010dn\u011b velk\u00e1 zima. Pokud chcete b\u00fdt na zimu dostate\u010dn\u011b p\u0159ipraveni, m\u011bli byste si zakoupit oble\u010den\u00ed ze zimn\u00ed sez\u00f3ny. \u010clov\u011bk ud\u011bl\u00e1 jen dob\u0159e, kdy\u017e si zakoup\u00ed v\u011bci, kter\u00e9 jsou d\u011bl\u00e1ny tak, aby dan\u00fd \u010dlov\u011bk nezmrznul.Na zimn\u00ed sez\u00f3nu https:\/\/www.skibukovka.cz\/cz\/lyzovani\/zimni-sezona se rozhodn\u011b t\u011b\u0161\u00ed mnoho horsk\u00fdch hotel\u016f, kter\u00e9 doufaj\u00ed, \u017ee lid\u00e9 p\u0159ijedou ly\u017eovat. Je ale mo\u017en\u00e9, \u017ee lid\u00ed bude letos mnohem m\u00e9n\u011b, ne\u017e kdy d\u0159\u00edve, ale jist\u011b se najde n\u011bkdo, kdo si r\u00e1d zajde zaly\u017eovat, jeliko\u017e mu ly\u017eov\u00e1n\u00ed pom\u016f\u017ee vy\u010distit hlavu od v\u0161ech starost\u00ed, kter\u00e9 \u010dlov\u011bk m\u016f\u017ee m\u00edt.Oble\u010den\u00ed, kter\u00e9 je vhodn\u00e9 nejen na zimu, ale tak\u00e9 na zimn\u00ed sporty \u010dlov\u011bk u\u017e m\u016f\u017ee pomalu ale jist\u011b vid\u011bt nap\u0159\u00edklad v obchodech. Pomalu ale jist\u011b se obchody za\u010d\u00ednaj\u00ed plnit oble\u010den\u00edm na zimu a je nejvy\u0161\u0161\u00ed \u010das za\u010d\u00edt dan\u00e9 v\u011bci nakupovat, pokud chcete m\u00edt jistotu, \u017ee nebudete muset sh\u00e1n\u011bt v\u011bci na posledn\u00ed chv\u00edli. Je dobr\u00e9 sehnat v\u011bci jak pro v\u00e1s, tak i pro va\u0161e d\u011bti a to dokud jsou je\u0161t\u011b za dobr\u00e9 ceny.Jsou lid\u00e9, kte\u0159\u00ed v\u017edycky v\u0161echno nech\u00e1vaj\u00ed a\u017e na dobu, kdy u\u017e to ho\u0159\u00ed, ale pokud jste neradi ve stresu, m\u011bli byste takov\u00e9 v\u011bci za\u010d\u00edt \u0159e\u0161it nejl\u00e9pe hned. Pokud je v\u00e1m ve va\u0161em zimn\u00edm oble\u010den\u00ed ji\u017e zima, m\u011bli byste jej vym\u011bnit za oble\u010den\u00ed nov\u00e9. Za takov\u00e9, ve kter\u00e9m v\u00e1m bude teplo a nestane se v\u00e1m, \u017ee byste n\u011bkdy \u0159ekli, \u017ee je v\u00e1m zima.Jsou v\u011bci, kter\u00e9 jsou na zimu a to pro ka\u017ed\u00e9ho vhodn\u00e9. Naj\u00edt se ale daj\u00ed i takov\u00e9, kter\u00e9 vhodn\u00e9 p\u0159\u00edli\u0161 nejsou a pr\u00e1v\u011b kv\u016fli t\u011bmto v\u011bcem \u010dlov\u011bku b\u00fdv\u00e1 zima. Vy\u0159e\u0161te n\u011bco takov\u00e9ho, dokud je\u0161t\u011b nen\u00ed zima tak krut\u00e1, jak by letos b\u00fdt mohla. Pod\u00edvejte se nejen do obchod\u016f, ale i na internet, jestli neobjev\u00edte n\u011bco, v \u010dem v\u00e1m bude v zim\u011b dob\u0159e a v \u010dem se hlavn\u011b budete dob\u0159e c\u00edtit.                                                                                                                                                                                                                                                                                                                                                                                                  "},{"@context":"https:\/\/schema.org\/","@type":"BreadcrumbList","itemListElement":[{"@type":"ListItem","position":1,"name":"Zimn\u00ed sez\u00f3na bude brzy v pln\u00e9m proudu","item":"https:\/\/www.zotify.cz\/zimni-sezona-bude-brzy-v-plnem-proudu\/#breadcrumbitem"}]}]