[{"@context":"https:\/\/schema.org\/","@type":"Article","@id":"https:\/\/www.zotify.cz\/zabradli-na-ven\/#Article","mainEntityOfPage":"https:\/\/www.zotify.cz\/zabradli-na-ven\/","headline":"Z\u00e1bradl\u00ed na ven","name":"Z\u00e1bradl\u00ed na ven","description":"Z\u00e1bradl\u00ed na balkon https:\/\/www.kmkdesign.cz\/zabradli-balkonova-terasova se v\u00e1m jist\u011b vyplat\u00ed. Proto\u017ee pokud nechcete n\u011bkde spadnout, tak bych si z\u00e1bradl\u00ed na balkon.","datePublished":"2022-07-16","dateModified":"2023-06-14","author":{"@type":"Person","@id":"https:\/\/www.zotify.cz\/author\/#Person","name":"","url":"https:\/\/www.zotify.cz\/author\/","identifier":1,"image":{"@type":"ImageObject","@id":"https:\/\/secure.gravatar.com\/avatar\/dcb1aeb5e7d95014cdc92e76cf3c72f6b456579bf773ad0081803a6569ffc19c?s=96&d=mm&r=g","url":"https:\/\/secure.gravatar.com\/avatar\/dcb1aeb5e7d95014cdc92e76cf3c72f6b456579bf773ad0081803a6569ffc19c?s=96&d=mm&r=g","height":96,"width":96}},"publisher":{"@type":"Organization","name":"zotify.cz","logo":{"@type":"ImageObject","@id":"\/logo.png","url":"\/logo.png","width":600,"height":60}},"image":{"@type":"ImageObject","@id":"https:\/\/www.zotify.cz\/wp-content\/uploads\/girl-gca896a7b2_640_1.jpg","url":"https:\/\/www.zotify.cz\/wp-content\/uploads\/girl-gca896a7b2_640_1.jpg","height":0,"width":0},"url":"https:\/\/www.zotify.cz\/zabradli-na-ven\/","wordCount":445,"articleBody":"       Z\u00e1bradl\u00ed na balkon https:\/\/www.kmkdesign.cz\/zabradli-balkonova-terasova se v\u00e1m jist\u011b vyplat\u00ed. Proto\u017ee pokud nechcete n\u011bkde spadnout, tak bych si z\u00e1bradl\u00ed na balkon opravdu po\u0159\u00eddila. Nav\u00edc pokud chcete, tak si m\u016f\u017eete z\u00e1bradl\u00ed vybrat opravdu v mnoha tvarech a taky mnoha materi\u00e1lech. Za m\u011b j\u00e1 bych doporu\u010dila n\u011bjak\u00e9 ocelov\u00e9 nebo kovov\u00e9 z\u00e1bradl\u00ed. Proto\u017ee takov\u00e9 z\u00e1bradl\u00ed je velice odoln\u00e9 a vydr\u017e\u00ed opravdu hodn\u011b dlouho. Proto\u017ee je to na balkon, tak to znamen\u00e1, \u017ee je to venku. A tam je opravdu mnoho v\u011bc\u00ed, co m\u016f\u017ee z\u00e1bradl\u00ed po\u0161kodit. A tak si mysl\u00edm, \u017ee by bylo opravdu nejlep\u0161\u00ed si vybrat n\u011bjak\u00e9 z\u00e1bradl\u00ed na balkon, kter\u00e9 je velmi odoln\u00e9. Kter\u00e9 odol\u00e1 po\u010das\u00ed. A taky se vyplat\u00ed, pokud bude n\u011bjak\u00e9 masivn\u00ed a mohutn\u00e9. Proto\u017ee na takov\u00e9 z\u00e1bradl\u00ed na balkon potom m\u016f\u017eete d\u00e1vat n\u011bjak\u00e9 dekorace a ozdoby. Nap\u0159\u00edklad t\u0159eba kv\u011btin\u00e1\u010de anebo tam m\u016f\u017eete nechat r\u016fst ps\u00ed v\u00edno, tak\u017ee z\u00e1bradl\u00ed na balkon se v\u00e1m kr\u00e1sn\u011b proroste.Mn\u011b se tento styl velmi l\u00edb\u00ed. Vid\u011bla jsem taky r\u016fzn\u00e9 p\u0159\u00edpady, by n\u011bkdo m\u011bl z\u00e1bradl\u00ed na balkon prorostl\u00e9 \u00fapln\u011b kr\u00e1sn\u00fdmi kv\u011btinami. Mn\u011b se to stra\u0161n\u011b moc l\u00edbilo. A tak jsem si \u0159ekla, \u017ee to zkus\u00edm taky u sebe doma. Bohu\u017eel ale jsem \u0161patn\u00e1 p\u011bstitelka. Tak\u017ee mi v\u0161echny kv\u011btiny bohu\u017eel zem\u0159eli. Tak\u017ee na zahrad\u011b m\u00e1me pouze z\u00e1bradl\u00ed na balkon, kter\u00e9 je z kovu. A mus\u00edm \u0159\u00edct, \u017ee se velmi snadno udr\u017euje. M\u00e1m speci\u00e1ln\u00ed olej\u00ed\u010dek, kter\u00fd je na ten materi\u00e1l z\u00e1bradl\u00ed. A mus\u00edm \u0159\u00edct, \u017ee jsem naprosto spokojen\u00e1. Z\u00e1bradl\u00ed m\u00e1me u\u017e n\u011bkolik let a je st\u00e1le jako nov\u00e9, a nav\u00edc mohu potvrdit, \u017ee nest\u00e1lo ani moc pen\u011bz. Tak\u017ee n\u00e1m ani nest\u00e1lo moc do na\u0161eho rodinn\u00e9ho rozpo\u010dtu. V\u00edm, \u017ee n\u011bkdo hled\u00e1 z\u00e1bradl\u00ed na balkon, kter\u00e9 je hodn\u011b levn\u00e9 a j\u00e1 se tomu ale v\u016fbec nediv\u00edm. V dne\u0161n\u00ed dob\u011b chce \u010dlov\u011bk samoz\u0159ejm\u011b hodn\u011b pen\u011bz u\u0161et\u0159it, tak\u017ee na m\u00e9m m\u00edst\u011b bych taky dost \u0161et\u0159ila. A jak\u00fd materi\u00e1l na z\u00e1bradl\u00ed na ven byste cht\u011bli m\u00edt vy? V\u00edm, \u017ee to d\u0159ev\u011bn\u00e9 je asi nejkr\u00e1sn\u011bj\u0161\u00ed, ale zase neodol\u00e1 neplech\u00e1m po\u010das\u00ed a co t\u0159eba potom kysel\u00e9 de\u0161t\u011b? Mysl\u00edm, \u017ee by to bylo \u0161koda.                                                                                                                                                                                                                                                                                                                                                                                                  "},{"@context":"https:\/\/schema.org\/","@type":"BreadcrumbList","itemListElement":[{"@type":"ListItem","position":1,"name":"Z\u00e1bradl\u00ed na ven","item":"https:\/\/www.zotify.cz\/zabradli-na-ven\/#breadcrumbitem"}]}]