[{"@context":"https:\/\/schema.org\/","@type":"Article","@id":"https:\/\/www.zotify.cz\/za-vzdelanim-do-prirody\/#Article","mainEntityOfPage":"https:\/\/www.zotify.cz\/za-vzdelanim-do-prirody\/","headline":"Za vzd\u011bl\u00e1n\u00edm do p\u0159\u00edrody","name":"Za vzd\u011bl\u00e1n\u00edm do p\u0159\u00edrody","description":"O lesn\u00edch mate\u0159sk\u00fdch \u0161kol\u00e1ch se jednu dobu mluvilo jako o bl\u00e1zniv\u00e9m n\u00e1padu n\u011bkolika alternativn\u011b uva\u017euj\u00edch lid\u00ed, kte\u0159\u00ed se sna\u017e\u00ed.","datePublished":"2025-03-03","dateModified":"2025-03-03","author":{"@type":"Person","@id":"https:\/\/www.zotify.cz\/author\/#Person","name":"","url":"https:\/\/www.zotify.cz\/author\/","identifier":1,"image":{"@type":"ImageObject","@id":"https:\/\/secure.gravatar.com\/avatar\/dcb1aeb5e7d95014cdc92e76cf3c72f6b456579bf773ad0081803a6569ffc19c?s=96&d=mm&r=g","url":"https:\/\/secure.gravatar.com\/avatar\/dcb1aeb5e7d95014cdc92e76cf3c72f6b456579bf773ad0081803a6569ffc19c?s=96&d=mm&r=g","height":96,"width":96}},"publisher":{"@type":"Organization","name":"zotify.cz","logo":{"@type":"ImageObject","@id":"\/logo.png","url":"\/logo.png","width":600,"height":60}},"image":{"@type":"ImageObject","@id":"https:\/\/www.zotify.cz\/wp-content\/uploads\/img_a291255_w2086_t1503995521.jpg","url":"https:\/\/www.zotify.cz\/wp-content\/uploads\/img_a291255_w2086_t1503995521.jpg","height":0,"width":0},"url":"https:\/\/www.zotify.cz\/za-vzdelanim-do-prirody\/","wordCount":382,"articleBody":"O lesn\u00edch mate\u0159sk\u00fdch \u0161kol\u00e1ch se jednu dobu mluvilo jako o bl\u00e1zniv\u00e9m n\u00e1padu n\u011bkolika alternativn\u011b uva\u017euj\u00edch lid\u00ed, kte\u0159\u00ed se sna\u017e\u00ed jen upozornit na sebe na \u00fakor uboh\u00fdch d\u011bt\u00ed, kter\u00e9 tr\u00e1v\u00ed \u010das venku v jak\u00e9mkoliv po\u010das\u00ed m\u00edsto toho, aby se vzd\u011bl\u00e1valy v mate\u0159sk\u00e9 \u0161kole.V dne\u0161n\u00ed dob\u011b je ji\u017e za\u0159azov\u00e1n\u00ed d\u011bt\u00ed do lesn\u00edch mate\u0159sk\u00fdch \u0161kol b\u011b\u017en\u00e9 a m\u00e1lokdo se nad takov\u00fdmto rozhodnut\u00edm podivuje. Lesn\u00ed \u0161kolky p\u0159edstavuj\u00ed jen jednu z mo\u017enost\u00ed, kde nechat sv\u00e9 d\u00edt\u011b vzd\u011bl\u00e1vat p\u0159ed povinnou \u0161koln\u00ed doch\u00e1zkou.\u0158\u00edd\u00ed se jako i ty ostatn\u00ed R\u00e1mcov\u00fdm vzd\u011bl\u00e1vac\u00edm programem Ministerstva \u0161kolstv\u00ed, ml\u00e1de\u017ee a t\u011blov\u00fdchovy. Lesn\u00ed mate\u0159sk\u00e9 \u0161koly jsou definovan\u00e9 tzv. \u0161kolsk\u00fdm z\u00e1konem, kter\u00fd byl novelizov\u00e1n v roce 2016.Kladou d\u016fraz, jak u\u017e s\u00e1m n\u00e1zev napov\u00edd\u00e1, na pobyt d\u011bt\u00ed v p\u0159\u00edrod\u011b, \u010dasto v lese. Vzd\u011bl\u00e1v\u00e1n\u00ed tak prob\u00edh\u00e1 na rozd\u00edl od kamenn\u00fdch \u0161kolek venku. Pro \u00fa\u010dely odpo\u010dinku maj\u00ed d\u011bti k dispozici kryt\u00e9 prostory nej\u010dast\u011bji v podob\u011b r\u016fzn\u00fdch chatek \u010di maringotek. Nesm\u00ed to v\u0161ak b\u00fdt opravdov\u00e1 stavba.Jinak se ale vzd\u011bl\u00e1v\u00e1n\u00ed d\u011bt\u00ed od toho v tradi\u010dn\u00edch mate\u0159sk\u00fdch \u0161kol\u00e1ch moc neli\u0161\u00ed. D\u011bti nejsou ochuzeny ani o r\u016fzn\u00e9 v\u00fdlety a cesty za kulturou &#8211; do divadel, muze\u00ed, kin apod.Lesn\u00ed mate\u0159sk\u00e9 \u0161koly jsou roz\u0161\u00ed\u0159en\u00e9 zejm\u00e9na v seversk\u00fdch zem\u00edch a v N\u011bmecku, tam je okolo 1000 takov\u00fdch \u0161kolek. N\u011bkter\u00e9 jsou ryze lesn\u00ed, n\u011bkter\u00e9 kombinuj\u00ed pobyt v p\u0159\u00edrod\u011b s pobytem v u\u010debn\u00e1ch.V \u010cesk\u00e9 republice se o vznik tohoto \u00a0konceptu zaslou\u017eila zejm\u00e9na Emilie Strejkov\u00e1, zakladatelka a dlouholet\u00e1 \u0159editelka pra\u017esk\u00e9ho ekologick\u00e9ho centra Toulc\u016fv dv\u016fr. \u010cinnost prvn\u00ed ekologicky orinetovan\u00e9 \u0161kolky u n\u00e1s byla zah\u00e1jena a\u017e v roce 2004. Venkovn\u00ed t\u0159\u00edda \u0161kolky funguj\u00edc\u00ed na principech lesn\u00edch \u0161kolek byla otev\u0159ena v roce 2010. V tomto roce vznikla tak\u00e9 Asociace lesn\u00edch mate\u0159sk\u00fdch \u0161kol, kter\u00e1 v sou\u010dasnosti seskupuje p\u0159ibli\u017en\u011b 120 \u0161kolek.                                                                                                                                                                                                                                                                                                                                                                                                "},{"@context":"https:\/\/schema.org\/","@type":"BreadcrumbList","itemListElement":[{"@type":"ListItem","position":1,"name":"Za vzd\u011bl\u00e1n\u00edm do p\u0159\u00edrody","item":"https:\/\/www.zotify.cz\/za-vzdelanim-do-prirody\/#breadcrumbitem"}]}]