[{"@context":"https:\/\/schema.org\/","@type":"Article","@id":"https:\/\/www.zotify.cz\/vikend\/#Article","mainEntityOfPage":"https:\/\/www.zotify.cz\/vikend\/","headline":"V\u00edkend","name":"V\u00edkend","description":"Ka\u017ed\u00fd z\u00a0n\u00e1s vyr\u016fstal v\u00a0n\u011bjak\u00e9m prost\u0159ed\u00ed a to na n\u011bj zanechalo ur\u010dit\u00fd vliv. Zvl\u00e1\u0161\u0165 rodina jako takov\u00e1, svou v\u00fdchovou a.","datePublished":"2020-01-06","dateModified":"2020-01-06","author":{"@type":"Person","@id":"https:\/\/www.zotify.cz\/author\/#Person","name":"","url":"https:\/\/www.zotify.cz\/author\/","identifier":1,"image":{"@type":"ImageObject","@id":"https:\/\/secure.gravatar.com\/avatar\/dcb1aeb5e7d95014cdc92e76cf3c72f6b456579bf773ad0081803a6569ffc19c?s=96&d=mm&r=g","url":"https:\/\/secure.gravatar.com\/avatar\/dcb1aeb5e7d95014cdc92e76cf3c72f6b456579bf773ad0081803a6569ffc19c?s=96&d=mm&r=g","height":96,"width":96}},"publisher":{"@type":"Organization","name":"zotify.cz","logo":{"@type":"ImageObject","@id":"\/logo.png","url":"\/logo.png","width":600,"height":60}},"image":{"@type":"ImageObject","@id":"https:\/\/www.zotify.cz\/wp-content\/uploads\/img_a346890_w2485_t1561205662.jpg","url":"https:\/\/www.zotify.cz\/wp-content\/uploads\/img_a346890_w2485_t1561205662.jpg","height":0,"width":0},"url":"https:\/\/www.zotify.cz\/vikend\/","wordCount":491,"articleBody":"Ka\u017ed\u00fd z\u00a0n\u00e1s vyr\u016fstal v\u00a0n\u011bjak\u00e9m prost\u0159ed\u00ed a to na n\u011bj zanechalo ur\u010dit\u00fd vliv. Zvl\u00e1\u0161\u0165 rodina jako takov\u00e1, svou v\u00fdchovou a zachov\u00e1n\u00edm rodinn\u00fdch tradic, ta od za\u010d\u00e1tku sv\u00fdm potomk\u016fm p\u0159ed\u00e1v\u00e1 mnoho hodnot, v\u010detn\u011b t\u011bch kulturn\u00edch.\t\u00a0\tRodina byla a je pro zachov\u00e1n\u00ed a p\u0159ed\u00e1n\u00ed kulturn\u00edch hodnot, to nejd\u016fle\u017eit\u011bj\u0161\u00ed, co ka\u017ed\u00fd n\u00e1rod m\u00e1.\t\u00a0\t\u00a0 v\u00a0 Mo\u017en\u00e1, kdy\u017e se v\u00a0sobotu r\u00e1no probud\u00edte, v\u00edte u\u017e p\u0159edem, jak b\u00e1je\u010dn\u011b str\u00e1v\u00edte sv\u00e9 voln\u00e9 dny. Zvl\u00e1\u0161\u0165 v\u00a0t\u011bch letn\u00edch, od r\u00e1na proz\u00e1\u0159en\u00fdch sluncem. N\u011bkte\u0159\u00ed z\u00a0v\u00e1s odj\u00ed\u017ed\u011bj\u00ed na chatu nebo na chalupu, jin\u00ed jezd\u00ed z\u00a0m\u011bst na vesnici ke sv\u00fdm star\u00fdm rodi\u010d\u016fm. A pokud mo\u017eno, hur\u00e1 k\u00a0vod\u011b nebo do lesa. Je jenom smutn\u00e9, \u017ee kv\u016fli k\u016frovci, t\u011bch n\u00e1dhern\u00fdch m\u00edst s\u00a0lesy moc nen\u00ed. Ka\u017ed\u00fd kout lesa, kter\u00fd nen\u00ed posti\u017een touto kalamitou, tak bychom si ho m\u011bli pova\u017eovat a chr\u00e1nit.\t\u00a0\tU\u017e po\u010d\u00e1tkem letn\u00edch dn\u00ed se nab\u00edz\u00ed tolik zaj\u00edmav\u00fdch v\u00fdlet\u016f. Lid\u00e9 maj\u00ed odjak\u017eiva r\u00e1di p\u0159\u00edrodu a ticho. Zvl\u00e1\u0161\u0165 toto chyb\u00ed lidem \u017eij\u00edc\u00edch ve m\u011bstech. A je moc fajn si s\u00a0celou rodinou, nebo jen ve dvojici, takov\u00fd v\u00fdlet u\u017e\u00edt. A\u0165 se jedn\u00e1 o prohl\u00eddku n\u011bjak\u00e9ho hradu, z\u00e1mku, hudebn\u00edho folklorn\u00edho festivalu, v\u00fdstavu, nebo ud\u011blat men\u0161\u00edm d\u011btem radost a jet nav\u0161t\u00edvit zoologickou zahradu. \t\u00a0\tRodi\u010de s\u00a0d\u011btmi se v\u011bt\u0161inou rozhoduj\u00ed podle v\u011bku sv\u00fdch ratolest\u00ed, proto\u017ee ur\u010dit\u011b cht\u011bj\u00ed, aby i jejich d\u011bti z\u00a0toho v\u00fdletu m\u011bly p\u0159\u00edjemn\u00fd z\u00e1\u017eitek. Pokud jsou v\u00a0rodin\u011b u\u017e d\u011bti star\u0161\u00ed, kter\u00e9 nap\u0159\u00edklad zvl\u00e1dnou del\u0161\u00ed trasu na kole, tak tyto v\u00fdlety jsou o to lep\u0161\u00ed, \u017ee se kdykoliv a kdekoliv m\u016f\u017eou zastavit, prohl\u00e9dnout si v\u00a0klidu okoln\u00ed p\u0159\u00edrodu a p\u0159\u00edjemn\u011b si odpo\u010dinout. Lid\u00e9 maj\u00ed mo\u017enost nav\u0161t\u00edvit i r\u016fzn\u00e9 trhy s\u00a0\u0159emeslnou v\u00fdrobou, jezdeck\u00e9 are\u00e1ly s\u00a0country hudbou a v\u00fdborn\u00fdm ob\u010derstven\u00edm, botanick\u00e9 zahrady.\t\u00a0\t\u00a0 v\u00a0 Ten kdo m\u00e1 z\u00e1jem, tak ten si ur\u010dit\u011b najde p\u0159esn\u011b to, co mu bude vyhovovat. A\u0165 je to prohl\u00eddka kr\u00e1sn\u00fdch m\u011bst, kde historick\u00e1 centra na\u0161ich m\u011bst jsou za posledn\u00ed desetilet\u00ed upraven\u00e9, doslova n\u00e1dhern\u00e9. R\u016fzn\u00e9 galerie a muzea o v\u00edkendech nab\u00edzej\u00ed mnoho zaj\u00edmav\u00fdch expozic. \t\u00a0\tKdo chce, tak nejenom v\u00a0ti\u0161t\u011bn\u00e9 podob\u011b, ale zvl\u00e1\u0161\u0165 na internetu, si vybere region o kter\u00fd m\u00e1 z\u00e1jem. A podle nab\u00eddky si m\u00e1 mo\u017enost vybrat a napl\u00e1novat voln\u00fd v\u00edkend.\t\u00a0                                                                                                                                                                                                                                                                                                                                                                                                "},{"@context":"https:\/\/schema.org\/","@type":"BreadcrumbList","itemListElement":[{"@type":"ListItem","position":1,"name":"V\u00edkend","item":"https:\/\/www.zotify.cz\/vikend\/#breadcrumbitem"}]}]