[{"@context":"https:\/\/schema.org\/","@type":"Article","@id":"https:\/\/www.zotify.cz\/usmev-pro-pozitivni-den\/#Article","mainEntityOfPage":"https:\/\/www.zotify.cz\/usmev-pro-pozitivni-den\/","headline":"\u00dasm\u011bv pro pozitivn\u00ed den","name":"\u00dasm\u011bv pro pozitivn\u00ed den","description":"V\u00edte, co je nejkr\u00e1sn\u011bj\u0161\u00ed? No p\u0159ece \u00fasm\u011bv na \u017een\u00e1ch. Za\u017eili jste n\u011bkdy takov\u00fd ten kr\u00e1sn\u00fd pocit, hlavn\u011b ze strany.","datePublished":"2024-09-29","dateModified":"2024-09-29","author":{"@type":"Person","@id":"https:\/\/www.zotify.cz\/author\/#Person","name":"","url":"https:\/\/www.zotify.cz\/author\/","identifier":1,"image":{"@type":"ImageObject","@id":"https:\/\/secure.gravatar.com\/avatar\/dcb1aeb5e7d95014cdc92e76cf3c72f6b456579bf773ad0081803a6569ffc19c?s=96&d=mm&r=g","url":"https:\/\/secure.gravatar.com\/avatar\/dcb1aeb5e7d95014cdc92e76cf3c72f6b456579bf773ad0081803a6569ffc19c?s=96&d=mm&r=g","height":96,"width":96}},"publisher":{"@type":"Organization","name":"zotify.cz","logo":{"@type":"ImageObject","@id":"\/logo.png","url":"\/logo.png","width":600,"height":60}},"image":{"@type":"ImageObject","@id":"https:\/\/www.zotify.cz\/wp-content\/uploads\/sm%C3%ADch.jpg","url":"https:\/\/www.zotify.cz\/wp-content\/uploads\/sm%C3%ADch.jpg","height":0,"width":0},"url":"https:\/\/www.zotify.cz\/usmev-pro-pozitivni-den\/","about":["\u017deny"],"wordCount":457,"articleBody":"V\u00edte, co je nejkr\u00e1sn\u011bj\u0161\u00ed? No p\u0159ece \u00fasm\u011bv na \u017een\u00e1ch. Za\u017eili jste n\u011bkdy takov\u00fd ten kr\u00e1sn\u00fd pocit, hlavn\u011b ze strany p\u00e1n\u016f, kdy jste se pod\u00edvali na \u017eenu a najednou jste vid\u011bli, jak se kr\u00e1sn\u011b sm\u011bje? Ka\u017ed\u00e1 \u017eena m\u00e1 kr\u00e1sn\u00fd \u00fasm\u011bv, proto vlastn\u011b, kdy\u017e se \u017eena usm\u00edv\u00e1, tak to znamen\u00e1, \u017ee m\u00e1 tro\u0161ku i lep\u0161\u00ed n\u00e1ladu a \u017ee je v\u00edc takov\u00e1 prost\u011b v lep\u0161\u00ed pozornosti a v lep\u0161\u00ed pozitivn\u00ed energii. Takov\u00e1 pozitivn\u00ed energie se pr\u00e1v\u011b v\u017edycky vyd\u00e1v\u00e1 p\u0159esn\u011b z toho \u00fasm\u011bvu, proto\u017ee \u00fasm\u011bv \u017eeny je velice zvl\u00e1\u0161tn\u00ed a charismatick\u00fd. N\u00e1\u0161 pohled vypov\u00edd\u00e1 \u00fapln\u011b o v\u0161em \u2013 kdo je zamra\u010den\u00fd, kdo je na\u0161tvan\u00fd, rozzu\u0159en\u00fd, v\u0161echno je prost\u011b poznat na tom. Pr\u00e1v\u011b ten \u00fasm\u011bv je tro\u0161ku n\u011bco jin\u00e9ho. Na \u00fasm\u011bv se ka\u017ed\u00fd tro\u0161ku pod\u00edv\u00e1 tro\u0161ku jin\u00fdm pohledem, proto\u017ee ten \u00fasm\u011bv n\u00e1m d\u00e1v\u00e1 tro\u0161ku jin\u00e9 charisma a tro\u0161ku jin\u00e9 vn\u00edm\u00e1n\u00ed a v\u011bdom\u00ed t\u00e9 osoby, kter\u00e1 pr\u00e1v\u011b \u00fasm\u011bv uskute\u010d\u0148uje. J\u00e1 se p\u0159izn\u00e1m, \u017ee j\u00e1 jsem taky velmi usm\u011bvav\u00e1 a m\u00e1m pocit, \u017ee kdy\u017e nejsem usm\u011bvav\u00e1, tak to pr\u00e1v\u011b na m\u011b lid\u00e9 poznaj\u00ed. Nap\u0159\u00edklad se m\u011b zeptaj\u00ed, pro\u010d se dneska neusm\u00edv\u00e1m jako posledn\u011b, a prost\u011b se ptaj\u00ed na takov\u00e9 r\u016fzn\u00e9 v\u011bci. Tak\u017ee samoz\u0159ejm\u011b, to ale nen\u00ed nic \u0161patn\u00e9ho, kdy\u017e se t\u0159eba jeden den usm\u00edv\u00e1me v\u00edc, druh\u00fd den m\u00ed\u0148, ale samoz\u0159ejm\u011b ka\u017ed\u00fd \u00fasm\u011bv, kter\u00fd je ka\u017edou sekundu proveden\u00fd, tak si mysl\u00edm, \u017ee je ten nejkr\u00e1sn\u011bj\u0161\u00ed, proto\u017ee to k \u017eivotu pat\u0159\u00ed a budeme m\u00edt pozitivn\u00ed nalad\u011bn\u00ed na cel\u00fd den. U\u017e jenom t\u00edm, \u017ee n\u00e1s n\u011bkdo rozesm\u011bje, tak u\u017e jenom t\u00edm m\u00e1me prost\u011b ten \u00fasm\u011bv na tv\u00e1\u0159i a hned je pozitivn\u011bj\u0161\u00ed den. Pokud si n\u011bkdo t\u0159eba \u0159\u00edk\u00e1, \u017ee kdo se sm\u011bje po\u0159\u00e1d, tak je t\u0159eba n\u011bjak opil\u00fd nebo n\u011bco, tak to v\u016fbec ne, proto\u017ee je to \u00fapln\u011b norm\u00e1ln\u00ed a b\u011b\u017en\u00e1 z\u00e1le\u017eitost, kdy\u017e se prost\u011b lid\u00e9 usm\u00edvaj\u00ed. Proto bychom si ka\u017ed\u00e9ho \u00fasm\u011bvu m\u011bli ka\u017ed\u00fd den v\u00e1\u017eit a usm\u00edvat se opravdu na ka\u017ed\u00e9ho, i v t\u011bch nejhor\u0161\u00edch chv\u00edl\u00edch. Rozhodn\u011b i pokud \u010dlov\u011bk na sob\u011b poci\u0165uje \u0161patn\u00fd den, nikdy se \u010dlov\u011bk nem\u00e1 nechat vykolejit, proto\u017ee jeden \u00fasm\u011bv n\u00e1m m\u016f\u017ee zm\u011bnit \u017eivot.\u00a0                                                                                                                                                                                                                                                                                                                                                                                                "},{"@context":"https:\/\/schema.org\/","@type":"BreadcrumbList","itemListElement":[{"@type":"ListItem","position":1,"name":"\u00dasm\u011bv pro pozitivn\u00ed den","item":"https:\/\/www.zotify.cz\/usmev-pro-pozitivni-den\/#breadcrumbitem"}]}]