[{"@context":"https:\/\/schema.org\/","@type":"Article","@id":"https:\/\/www.zotify.cz\/pro-i-proti\/#Article","mainEntityOfPage":"https:\/\/www.zotify.cz\/pro-i-proti\/","headline":"Pro i proti","name":"Pro i proti","description":"V\u00edte, ono se to nezd\u00e1, ale kdy\u017e si n\u011bkdy pak spo\u010d\u00edt\u00e1te, klik jste zaplatili n\u00e1jem za rok a kolik.","datePublished":"2024-02-28","dateModified":"2024-02-28","author":{"@type":"Person","@id":"https:\/\/www.zotify.cz\/author\/#Person","name":"","url":"https:\/\/www.zotify.cz\/author\/","identifier":1,"image":{"@type":"ImageObject","@id":"https:\/\/secure.gravatar.com\/avatar\/dcb1aeb5e7d95014cdc92e76cf3c72f6b456579bf773ad0081803a6569ffc19c?s=96&d=mm&r=g","url":"https:\/\/secure.gravatar.com\/avatar\/dcb1aeb5e7d95014cdc92e76cf3c72f6b456579bf773ad0081803a6569ffc19c?s=96&d=mm&r=g","height":96,"width":96}},"publisher":{"@type":"Organization","name":"zotify.cz","logo":{"@type":"ImageObject","@id":"\/logo.png","url":"\/logo.png","width":600,"height":60}},"image":{"@type":"ImageObject","@id":"https:\/\/www.zotify.cz\/wp-content\/uploads\/family-home-475879_640_2.jpg","url":"https:\/\/www.zotify.cz\/wp-content\/uploads\/family-home-475879_640_2.jpg","height":0,"width":0},"url":"https:\/\/www.zotify.cz\/pro-i-proti\/","about":["Bydlen\u00ed"],"wordCount":444,"articleBody":"V\u00edte, ono se to nezd\u00e1, ale kdy\u017e si n\u011bkdy pak spo\u010d\u00edt\u00e1te, klik jste zaplatili n\u00e1jem za rok a kolik v\u00fddaj\u016f m\u00e1 majitel domu, tak zase tak moc co z\u00e1vid\u011bt n\u011bkdy nen\u00ed. Ned\u00e1 se to bohu\u017eel nijak pau\u0161alizovat, proto\u017ee jsou ceny v\u0161ude r\u016fzn\u00e9 a n\u00e1jem se li\u0161\u00ed v des\u00edtk\u00e1ch tis\u00edc. Jist\u011b v\u0161ak nebude velk\u00e1 chyba v odhadu toho, \u017ee p\u0159elo\u017een\u00ed st\u0159echy novou krytinou je n\u00e1jem na deset let. P\u0159i\u010dem\u017e ten, kdo ty pen\u00edze dal v panel\u00e1ku za n\u00e1jem to m\u00e1 bez starost\u00ed. Ten, kdo m\u00e1 d\u016fm si mus\u00ed v\u0161echno zajistit, nebo si sehnat firmu, kter\u00e1 to ud\u011bl\u00e1 za n\u011bj, ale tak\u00e9 si to nech\u00e1 po\u0159\u00e1dn\u011b zaplatit. A pokud se n\u011bco v dom\u011b pokaz\u00ed, nem\u00e1 n\u00e1rok na opravu zadarmo, jak maj\u00ed lid\u00e9 v panel\u00e1ku na n\u011bkter\u00e9 v\u011bci. \u00a0Pokud n\u011bkdo chce a tou\u017e\u00ed po tom bydlet ve vlastn\u00edm dom\u011b, mus\u00ed po\u010d\u00edtat s t\u00edm, \u017ee je tu st\u00e1le n\u011bjak\u00e1 pr\u00e1ce, a to se je\u0161t\u011b nebav\u00edme o zahrad\u011b nebo pozemku v\u0161eobecn\u011b, kter\u00fd je tak\u00e9 n\u011bjak t\u0159eba udr\u017eovat. Pokud tedy takov\u00fd \u010dlov\u011bk chce, aby to tu pro n\u011bj tak\u00e9 n\u011bjak p\u0159ijateln\u011b vypadalo. Proto\u017ee bydlet kurn\u00edku \u010di chl\u00e9v\u011b asi nechce, na to by mu sta\u010dila n\u011bjak\u00e1 lacin\u00e1 ubytovna. I kdy\u017e, lacin\u00e1, hm, v\u00edte o n\u011bjak\u00e9? \u00a0Jsou lid\u00e9, kte\u0159\u00ed d\u016fm zd\u011bdili, po l\u00e9tech je to u\u017e tak n\u011bjak moc nebere a zase by si cht\u011bli u\u017e\u00edt panel\u00e1kov\u00e9ho bytu. Jist\u011b, je to super n\u00e1pad, p\u0159ij\u00edt z pr\u00e1ce a lehnout si. Nemuset ani na zahradu, ani do d\u00edlny, jen\u017ee i tato idylka m\u016f\u017ee b\u00fdt n\u011bkdy hodn\u011b o\u0161idn\u00e1. P\u0159ece jen je t\u0159eba sem tam n\u011bco opravit, nebo ud\u011blat n\u011bjakou mali\u010dkost. A pozor, v panel\u00e1ku si moc klidu takov\u00fd \u010dlov\u011bk neu\u017eije. N\u011bjak\u00e9 ticho v dom\u011b? Ch\u00e1 ch\u00e1 ch\u00e1. Snad jen n\u00e1hodou. Hlavn\u011b sobotn\u00ed nebo ned\u011bln\u00ed ve\u010der je r\u00e1j pro kutily, nebo pro ty, kdo r\u00e1di slav\u00ed. Tak\u017ee to m\u00e1te tak nebo tak, klid nebude. Vid\u00edme, \u017ee oba druhy bydlen\u00ed maj\u00ed n\u011bco do sebe, ale tak\u00e9 maj\u00ed n\u011bkter\u00e9 nev\u00fdhody, kter\u00e9 je t\u0159eba br\u00e1t v potaz, ne\u017e se rozhodneme se p\u0159est\u011bhovat. Proto je t\u0159eba celou takovou v\u011bc velmi bedliv\u011b uv\u00e1\u017eit. \u00a0                                                                                                                                                                                                                                                                                                                                                                                                "},{"@context":"https:\/\/schema.org\/","@type":"BreadcrumbList","itemListElement":[{"@type":"ListItem","position":1,"name":"Pro i proti","item":"https:\/\/www.zotify.cz\/pro-i-proti\/#breadcrumbitem"}]}]