[{"@context":"https:\/\/schema.org\/","@type":"Article","@id":"https:\/\/www.zotify.cz\/kde-usporadat-konferenci-skoleni-nebo-jinou-firemni-akci\/#Article","mainEntityOfPage":"https:\/\/www.zotify.cz\/kde-usporadat-konferenci-skoleni-nebo-jinou-firemni-akci\/","headline":"Kde uspo\u0159\u00e1dat konferenci, \u0161kolen\u00ed nebo jinou firemn\u00ed akci?","name":"Kde uspo\u0159\u00e1dat konferenci, \u0161kolen\u00ed nebo jinou firemn\u00ed akci?","description":"My pro V\u00e1s m\u00e1me \u0159e\u0161en\u00ed! Ubytov\u00e1n\u00ed v T\u0159eboni V\u00e1m dok\u00e1\u017ee, \u017ee je t\u00edm prav\u00fdm pro po\u0159\u00e1d\u00e1n\u00ed v\u0161ech Va\u0161ich firemn\u00edch.","datePublished":"2024-12-14","dateModified":"2024-12-14","author":{"@type":"Person","@id":"https:\/\/www.zotify.cz\/author\/#Person","name":"","url":"https:\/\/www.zotify.cz\/author\/","identifier":1,"image":{"@type":"ImageObject","@id":"https:\/\/secure.gravatar.com\/avatar\/dcb1aeb5e7d95014cdc92e76cf3c72f6b456579bf773ad0081803a6569ffc19c?s=96&d=mm&r=g","url":"https:\/\/secure.gravatar.com\/avatar\/dcb1aeb5e7d95014cdc92e76cf3c72f6b456579bf773ad0081803a6569ffc19c?s=96&d=mm&r=g","height":96,"width":96}},"publisher":{"@type":"Organization","name":"zotify.cz","logo":{"@type":"ImageObject","@id":"\/logo.png","url":"\/logo.png","width":600,"height":60}},"url":"https:\/\/www.zotify.cz\/kde-usporadat-konferenci-skoleni-nebo-jinou-firemni-akci\/","wordCount":169,"articleBody":"My pro V\u00e1s m\u00e1me \u0159e\u0161en\u00ed! Ubytov\u00e1n\u00ed v T\u0159eboni V\u00e1m dok\u00e1\u017ee, \u017ee je t\u00edm prav\u00fdm pro po\u0159\u00e1d\u00e1n\u00ed v\u0161ech Va\u0161ich firemn\u00edch konferenc\u00ed, kongres\u016f a \u0161kolen\u00ed. Ka\u017edou dal\u0161\u00ed prezenta\u010dn\u00ed akci budete cht\u00edt po\u0159\u00e1dat ji\u017e jen zde. K dispozici V\u00e1m budou s\u00e1ly Hejtman a U Kr\u010d\u00edna. Pokud pot\u0159ebujete v\u011bt\u0161\u00ed prostory o kapacit\u011b 150 osob a v\u00edce, m\u016f\u017eeme V\u00e1m po\u0159\u00e1d\u00e1n\u00ed Va\u0161\u00ed akce domluvit v m\u00edstn\u00edm z\u00e1mku nebo pivovaru. B\u011bhem cel\u00e9 akce pro V\u00e1s bude zaji\u0161t\u011bno ob\u010derstven\u00ed. Speci\u00e1ln\u00ed p\u0159\u00e1n\u00ed pro n\u00e1s nejsou probl\u00e9m R\u00e1di byste m\u011bli na Va\u0161\u00ed akci speci\u00e1ln\u00ed tematickou v\u00fdzdobu? R\u00e1di se o to postar\u00e1me a na Va\u0161e p\u0159\u00e1n\u00ed vyzdob\u00edme s\u00e1ly podle Va\u0161ich p\u0159edstav. Pot\u0159ebujete zajistit videoprojekci? Nen\u00ed probl\u00e9m! V s\u00e1lech najdete k dispozici ve\u0161kerou audiovizu\u00e1ln\u00ed techniku.                                                                                                                                                                                                                                                                                                                                                                                                "},{"@context":"https:\/\/schema.org\/","@type":"BreadcrumbList","itemListElement":[{"@type":"ListItem","position":1,"name":"Kde uspo\u0159\u00e1dat konferenci, \u0161kolen\u00ed nebo jinou firemn\u00ed akci?","item":"https:\/\/www.zotify.cz\/kde-usporadat-konferenci-skoleni-nebo-jinou-firemni-akci\/#breadcrumbitem"}]}]